{"id":906,"date":"2018-09-24T14:28:11","date_gmt":"2018-09-24T14:28:11","guid":{"rendered":"https:\/\/www.postgradoutp.edu.pe\/blog\/?p=906"},"modified":"2022-12-26T22:09:01","modified_gmt":"2022-12-26T22:09:01","slug":"gestion-publica-3-claves-para-consolidar-el-orden-publico","status":"publish","type":"post","link":"https:\/\/www.postgradoutp.edu.pe\/blog\/a\/gestion-publica-3-claves-para-consolidar-el-orden-publico\/","title":{"rendered":"Gesti\u00f3n p\u00fablica: 3 claves para consolidar el orden p\u00fablico."},"content":{"rendered":"<p>\u00bfEl Per\u00fa cuenta con profesionales que puedan administrar correctamente los recursos con los que cuenta el pa\u00eds? De acuerdo con Apoyo Consultor\u00eda, solo 20% de funcionarios p\u00fablicos cuenta con estudios de post grado.<\/p>\n<h2>\u00bfPor qu\u00e9 es importante una \u00f3ptima gesti\u00f3n p\u00fablica en nuestro pa\u00eds?<\/h2>\n<p><span style=\"font-weight: 400;\">Existe una gran responsabilidad por parte de los ciudadanos de nuestro pa\u00eds para que, como sociedad cohesionada, concibamos juntos un sentido de unidad, reconocimiento a los dem\u00e1s y orientaci\u00f3n hacia el desarrollo. <\/span><\/p>\n<p><span style=\"font-weight: 400;\">Para lograrlo, funcionarios l\u00edderes de hoy implementan planes rentables y sostenibles que pugnan por el desarrollo social con el ciudadano como principal foco de atenci\u00f3n: <\/span><b>la gesti\u00f3n p\u00fablica.<\/b><\/p>\n<p><span style=\"font-weight: 400;\">Seg\u00fan la Secretar\u00eda de Gesti\u00f3n P\u00fablica, la gesti\u00f3n p\u00fablica es un conjunto de procesos y acciones mediante los cuales las entidades tienden al logro de sus fines, objetivos y metas, a trav\u00e9s de la gesti\u00f3n de pol\u00edticas, recursos y programas.<\/span><\/p>\n<p><span style=\"font-weight: 400;\">Podemos decir que la gesti\u00f3n o administraci\u00f3n p\u00fablica es la disciplina relacionada al derecho p\u00fablico que aborda una \u00f3ptima coordinaci\u00f3n integral del accionar de las autoridades. <\/span><\/p>\n<p><span style=\"font-weight: 400;\">El prop\u00f3sito de la gesti\u00f3n p\u00fablica es organizar, planear, controlar y dirigir el funcionamiento y sostenibilidad de los servicios p\u00fablicos.<\/span><\/p>\n<p><span style=\"font-weight: 400;\">No obstante, a pesar de que sus planes y metas sean por dem\u00e1s multidireccionales,\u00a0<\/span><span style=\"font-weight: 400;\">la gesti\u00f3n p\u00fablica se enfoca err\u00f3neamente solo a la administraci\u00f3n de recursos econ\u00f3micos. <\/span><\/p>\n<p><span style=\"font-weight: 400;\">Abocada solo a esta perspectiva, la direcci\u00f3n organizacional que evoca satisface un limitado registro de competencias no necesariamente orientada a nuestro bienestar ciudadano y desarrollo social.<\/span><\/p>\n<h2>La gesti\u00f3n p\u00fablica en el Per\u00fa: un contexto cr\u00edtico a solucionar.<\/h2>\n<p><span style=\"font-weight: 400;\">Hay mucho por hacer desde el plano profesional para revolucionar el aparato estatal que organiza nuestro pa\u00eds. Hablar del contexto en el que se desarrolla la gesti\u00f3n p\u00fablica obliga a hablar del d\u00e9ficit econ\u00f3mico que generan los funcionarios estatales involucrados con la corrupci\u00f3n y las malas praxis en sus delegaciones. <\/span><span style=\"font-weight: 400;\"><br \/>\n<\/span><span style=\"font-weight: 400;\"><br \/>\n<\/span><span style=\"font-weight: 400;\">De acuerdo con un informe de la Defensor\u00eda del Pueblo del a\u00f1o pasado se se\u00f1al\u00f3 que esta crisis le cuesta al pa\u00eds aproximadamente 12.000 millones de soles anualmente, lo que equivale a m\u00e1s de 3.600 millones de d\u00f3lares.<\/span><\/p>\n<p><span style=\"font-weight: 400;\">A diario, la corrupci\u00f3n le arranca unos 10 millones de d\u00f3lares a Per\u00fa. Un escenario que, en \u00faltimas instancias, perjudica el bolsillo de los ciudadanos ya que el precio de la corrupci\u00f3n remonta al 10% del presupuesto nacional anual.<\/span><span style=\"font-weight: 400;\"><br \/>\n<\/span><\/p>\n<p><span style=\"font-weight: 400;\">Por tal motivo, si usted considera que sus altas aptitudes profesionales podr\u00edan (adem\u00e1s de consolidar un amplio desarrollo en el \u00e1mbito privado) ser aprovechadas con el fin de cambiar la realidad nacional y refundar los cimientos del orden p\u00fablico, termine de leer este art\u00edculo.<\/span><\/p>\n<p><span style=\"font-weight: 400;\">Una <\/span><a href=\"https:\/\/www.postgradoutp.edu.pe\/maestrias\/gestion-publica\"><span style=\"font-weight: 400;\">Maestr\u00eda en Gesti\u00f3n P\u00fablica<\/span><\/a><span style=\"font-weight: 400;\"> de excelencia es capaz de brindarle las herramientas necesarias para obtener un concepto de \u00e9xito m\u00e1s global y comprometido con su sociedad. <\/span><\/p>\n<h2>\u00bfC\u00f3mo consolidar una \u00f3ptima gesti\u00f3n p\u00fablica?<\/h2>\n<p><span style=\"font-weight: 400;\">\u00bfQu\u00e9 hacer entonces para atenuar la crisis de este contexto tan complicado? Existen tres variables para una correcta gesti\u00f3n p\u00fablica, de tal modo que el proceso paulatino de los ordenamientos p\u00fablicos pueda obtener mejoras sustanciales. Las detallamos a continuaci\u00f3n:<\/span><\/p>\n<h3>\u00a01.\u00a0Manejo de procesos:<\/h3>\n<p><span style=\"font-weight: 400;\">La acci\u00f3n gubernamental, por dif\u00edcil y compleja, dirige sus acciones a una gran cantidad de personas no espec\u00edficamente reguladas a la dimensi\u00f3n de sus operaciones y prop\u00f3sitos. <\/span><\/p>\n<p><span style=\"font-weight: 400;\">Por ello, si lo que se necesita es realizar una planificaci\u00f3n medible y alcanzable frente a las exigencias p\u00fablicas, dicha iniciativa deber\u00eda aumentar las unidades administrativas, generar una inversi\u00f3n en aras de mayores departamentos especializados, agencias, oficinas y personal encargado del progreso y bienestar de la sociedad.<\/span><\/p>\n<h3>2. Gesti\u00f3n en la imagen de autoridad:<\/h3>\n<p><span style=\"font-weight: 400;\">El poder que poseen los gobernantes es visto como una herramienta de coacci\u00f3n en las decisiones o acciones que toman las personas a la postre de beneficios ajenos y desvinculados a la legalidad. <\/span><\/p>\n<p><span style=\"font-weight: 400;\">Ante esto, una direcci\u00f3n estrat\u00e9gica orientada a la equidad e imparcialidad supondr\u00eda una mejora ante los procedimientos, actitudes y formas que la caracterizan. <\/span><\/p>\n<p><span style=\"font-weight: 400;\">El estado debe afinar sus cometidos y hacer una coordinaci\u00f3n general entre las estructuras administrativas que no funcionan y revertir la problem\u00e1tica de la burocracia para empoderar a nuevas entidades m\u00e1s acordes hacia una planificaci\u00f3n del orden p\u00fablico que analice el aumento de poblaci\u00f3n, el avance tecnol\u00f3gico, cient\u00edfico y la b\u00fasqueda de progreso y bienestar.<\/span><\/p>\n<h3>3. Relaci\u00f3n directa de imparcialidad:<\/h3>\n<p><span style=\"font-weight: 400;\">La actuaci\u00f3n del gobierno ante el pueblo se encuentra siempre en medio de un debate entre justicia y exigencia por parte de la opini\u00f3n p\u00fablica. <\/span><\/p>\n<p><span style=\"font-weight: 400;\">La administraci\u00f3n gubernamental debe demostrar que en el sector p\u00fablico existen regulaciones que benefician a todas las exigencias. La democracia fomenta la representatividad de toda instituci\u00f3n.<\/span><\/p>\n<p><span style=\"font-weight: 400;\">Acorde a dicha situaci\u00f3n, as\u00ed como la EPGUTP brinda <\/span><a href=\"https:\/\/www.postgradoutp.edu.pe\/maestrias\/mba\"><span style=\"font-weight: 400;\">MBAs<\/span><\/a><span style=\"font-weight: 400;\"> y <\/span><a href=\"https:\/\/www.postgradoutp.edu.pe\/\"><span style=\"font-weight: 400;\">Maestr\u00edas<\/span><\/a><span style=\"font-weight: 400;\"> que posibilitan tu desarrollo profesional en el campo empresarial, ofrecemos tambi\u00e9n una concepci\u00f3n de \u00e9xito m\u00e1s integral, trascendental y de largo aliento a trav\u00e9s de nuestra <\/span><a href=\"https:\/\/www.postgradoutp.edu.pe\/maestrias\/gestion-publica\"><span style=\"font-weight: 400;\">Maestr\u00eda en Gesti\u00f3n P\u00fablica a distancia<\/span><\/a><span style=\"font-weight: 400;\">.<\/span><\/p>\n<p><span style=\"font-weight: 400;\">Esta maestr\u00eda muestra una estructura de competencias acad\u00e9micas prestas a remover los cimientos de nuestro pa\u00eds y sentar las bases del desarrollo con una mirada m\u00e1s cercana a las necesidades e inter\u00e9s general de nuestra sociedad, con el fin de reivindicar nuestra realidad nacional.<\/span><\/p>\n<p><span style=\"font-weight: 400;\">\u00bfPreparado para ser parte del cambio? \u00a1Atr\u00e9vete!<\/span><\/p>\n","protected":false},"excerpt":{"rendered":"<p>\u00bfEl Per\u00fa cuenta con profesionales que puedan administrar correctamente los recursos con los que cuenta el pa\u00eds? De acuerdo con Apoyo Consultor\u00eda, solo 20% de funcionarios p\u00fablicos cuenta con estudios de post grado. \u00bfPor qu\u00e9 es importante una \u00f3ptima gesti\u00f3n p\u00fablica en nuestro pa\u00eds? Existe una gran responsabilidad por parte de los ciudadanos de nuestro<\/p>\n","protected":false},"author":2,"featured_media":16316,"comment_status":"open","ping_status":"open","sticky":false,"template":"","format":"standard","meta":{"_acf_changed":false,"footnotes":""},"categories":[39,23],"tags":[],"class_list":{"0":"post-906","1":"post","2":"type-post","3":"status-publish","4":"format-standard","5":"has-post-thumbnail","7":"category-gestion-publica","8":"category-lo-ultimo"},"acf":[],"amp_enabled":true,"_links":{"self":[{"href":"https:\/\/www.postgradoutp.edu.pe\/blog\/wp-json\/wp\/v2\/posts\/906","targetHints":{"allow":["GET"]}}],"collection":[{"href":"https:\/\/www.postgradoutp.edu.pe\/blog\/wp-json\/wp\/v2\/posts"}],"about":[{"href":"https:\/\/www.postgradoutp.edu.pe\/blog\/wp-json\/wp\/v2\/types\/post"}],"author":[{"embeddable":true,"href":"https:\/\/www.postgradoutp.edu.pe\/blog\/wp-json\/wp\/v2\/users\/2"}],"replies":[{"embeddable":true,"href":"https:\/\/www.postgradoutp.edu.pe\/blog\/wp-json\/wp\/v2\/comments?post=906"}],"version-history":[{"count":4,"href":"https:\/\/www.postgradoutp.edu.pe\/blog\/wp-json\/wp\/v2\/posts\/906\/revisions"}],"predecessor-version":[{"id":971,"href":"https:\/\/www.postgradoutp.edu.pe\/blog\/wp-json\/wp\/v2\/posts\/906\/revisions\/971"}],"wp:featuredmedia":[{"embeddable":true,"href":"https:\/\/www.postgradoutp.edu.pe\/blog\/wp-json\/wp\/v2\/media\/16316"}],"wp:attachment":[{"href":"https:\/\/www.postgradoutp.edu.pe\/blog\/wp-json\/wp\/v2\/media?parent=906"}],"wp:term":[{"taxonomy":"category","embeddable":true,"href":"https:\/\/www.postgradoutp.edu.pe\/blog\/wp-json\/wp\/v2\/categories?post=906"},{"taxonomy":"post_tag","embeddable":true,"href":"https:\/\/www.postgradoutp.edu.pe\/blog\/wp-json\/wp\/v2\/tags?post=906"}],"curies":[{"name":"wp","href":"https:\/\/api.w.org\/{rel}","templated":true}]}}